{"id":65,"date":"2018-02-26T10:00:00","date_gmt":"2018-02-26T08:00:00","guid":{"rendered":"https:\/\/www.ljtopwood.com\/15feria-carrefour-international-du-bois-nantes\/"},"modified":"2023-03-26T18:36:22","modified_gmt":"2023-03-26T16:36:22","slug":"15ordf-salon-carrefour-international-du-bois-nantes","status":"publish","type":"post","link":"https:\/\/www.ljtopwood.com\/fr\/15ordf-salon-carrefour-international-du-bois-nantes\/","title":{"rendered":"15\u00aa Carrefour Internacional du Bois, Nantes"},"content":{"rendered":"\n<p>Ev\u00e9nement unique en Europe<\/p>\n\n\n\n<h3 class=\"wp-block-heading\">Par son concept 100 % bois<\/h3>\n\n\n\n<p>Ce salon d&rsquo;affaires est organis\u00e9 tous les deux ans \u00e0 Nantes (France)&nbsp;<strong>PAR&nbsp;<\/strong>les professionnels (Atlanbois et le Grand Port Maritime de Nantes St Nazaire) et&nbsp;<strong>POUR&nbsp;&nbsp;<\/strong>les professionnels. Salon professionnel leader en Europe, il rassemble sur&nbsp;<strong>3 jours 550 exposants et 10 520 visiteurs venus de 80 pays<\/strong>. Sciages, panneaux, parquets, commerce sp\u00e9cialis\u00e9, solutions constructives bois &#8230;. tous les produits et nouveaut\u00e9s sont disponibles en un seul lieu.<\/p>\n\n\n\n<p>L&rsquo;organisation d&rsquo;\u00e9v\u00e8nements \u00e0 l&rsquo;occasion du salon (conf\u00e9rences, assembl\u00e9es g\u00e9n\u00e9rales, r\u00e9unions&#8230;) en fait un \u00e9v\u00e8nement incontournable pour les d\u00e9cideurs. Rendez-vous d&rsquo;affaires, lieu d&rsquo;\u00e9changes et de commercialisation, le Carrefour est aussi un excellent barom\u00e8tre du secteur. La 15\u00e8me \u00e9dition se d\u00e9roulera les&nbsp;<strong>30, 31 mai et 1er juin 2018<\/strong>.<\/p>\n","protected":false},"excerpt":{"rendered":"<p>Ev\u00e9nement unique en Europe Par son concept 100 % bois Ce salon d&rsquo;affaires est organis\u00e9 tous les deux ans \u00e0 Nantes (France)&nbsp;PAR&nbsp;les professionnels (Atlanbois et le Grand Port Maritime de Nantes St Nazaire) et&nbsp;POUR&nbsp;&nbsp;les professionnels. Salon professionnel leader en Europe, il rassemble sur&nbsp;3 jours 550 exposants et 10 520 visiteurs venus de 80 pays. Sciages, [&hellip;]<\/p>\n","protected":false},"author":3,"featured_media":633,"comment_status":"closed","ping_status":"closed","sticky":false,"template":"","format":"standard","meta":{"_acf_changed":false,"_genesis_hide_title":false,"_genesis_hide_breadcrumbs":false,"_genesis_hide_singular_image":false,"_genesis_hide_footer_widgets":false,"_genesis_custom_body_class":"","_genesis_custom_post_class":"","_genesis_layout":"","footnotes":""},"categories":[2],"tags":[],"class_list":{"0":"post-65","1":"post","2":"type-post","3":"status-publish","4":"format-standard","5":"has-post-thumbnail","7":"category-nouvelles","8":"entry"},"acf":[],"_links":{"self":[{"href":"https:\/\/www.ljtopwood.com\/fr\/wp-json\/wp\/v2\/posts\/65","targetHints":{"allow":["GET"]}}],"collection":[{"href":"https:\/\/www.ljtopwood.com\/fr\/wp-json\/wp\/v2\/posts"}],"about":[{"href":"https:\/\/www.ljtopwood.com\/fr\/wp-json\/wp\/v2\/types\/post"}],"author":[{"embeddable":true,"href":"https:\/\/www.ljtopwood.com\/fr\/wp-json\/wp\/v2\/users\/3"}],"replies":[{"embeddable":true,"href":"https:\/\/www.ljtopwood.com\/fr\/wp-json\/wp\/v2\/comments?post=65"}],"version-history":[{"count":0,"href":"https:\/\/www.ljtopwood.com\/fr\/wp-json\/wp\/v2\/posts\/65\/revisions"}],"wp:featuredmedia":[{"embeddable":true,"href":"https:\/\/www.ljtopwood.com\/fr\/wp-json\/wp\/v2\/media\/633"}],"wp:attachment":[{"href":"https:\/\/www.ljtopwood.com\/fr\/wp-json\/wp\/v2\/media?parent=65"}],"wp:term":[{"taxonomy":"category","embeddable":true,"href":"https:\/\/www.ljtopwood.com\/fr\/wp-json\/wp\/v2\/categories?post=65"},{"taxonomy":"post_tag","embeddable":true,"href":"https:\/\/www.ljtopwood.com\/fr\/wp-json\/wp\/v2\/tags?post=65"}],"curies":[{"name":"wp","href":"https:\/\/api.w.org\/{rel}","templated":true}]}}